[{"@context":"https:\/\/schema.org\/","@type":"Article","@id":"https:\/\/www.glavica.sk\/je-ako-dieta\/#Article","mainEntityOfPage":"https:\/\/www.glavica.sk\/je-ako-dieta\/","headline":"Je ako die\u0165a","name":"Je ako die\u0165a","description":"S priate\u013eom spolu \u017eijeme a sme spolu nie\u010do m\u00e1lo cez rok. M\u0148a je 27, jemu 35. Obaja sme mil\u00ed, priate\u013esk\u00fd a fajn \u013eud\u00ed. Spolu sa zasmejeme, komunikujeme, v\u0161etko sa sna\u017e\u00edme zvl\u00e1da\u0165, nepodvad\u00edme sa, jednoducho v\u0161etko spr\u00e1vne. No ale s\u00fa tu 2 veci, ktor\u00e9 s\u00fa pre m\u0148a fakt \u0165a\u017ek\u00e9. Prv\u00e1 vec je t\u00e1, \u017ee by so [&hellip;]","datePublished":"2023-06-05","dateModified":"2024-01-05","author":{"@type":"Person","@id":"https:\/\/www.glavica.sk\/author\/#Person","name":"","url":"https:\/\/www.glavica.sk\/author\/","identifier":1,"image":{"@type":"ImageObject","@id":"https:\/\/secure.gravatar.com\/avatar\/e5312f21b37eec0871f00feffaf403580ddf46c2d055479cc6723fb0100721f2?s=96&d=mm&r=g","url":"https:\/\/secure.gravatar.com\/avatar\/e5312f21b37eec0871f00feffaf403580ddf46c2d055479cc6723fb0100721f2?s=96&d=mm&r=g","height":96,"width":96}},"publisher":{"@type":"Organization","name":"glavica.sk","logo":{"@type":"ImageObject","@id":"\/logo.png","url":"\/logo.png","width":600,"height":60}},"image":{"@type":"ImageObject","@id":"https:\/\/www.glavica.sk\/wp-content\/uploads\/couple-560783_1280_10_6.jpg","url":"https:\/\/www.glavica.sk\/wp-content\/uploads\/couple-560783_1280_10_6.jpg","height":0,"width":0},"url":"https:\/\/www.glavica.sk\/je-ako-dieta\/","about":["Mu\u017ei"],"wordCount":420,"articleBody":"S priate\u013eom spolu \u017eijeme a sme spolu nie\u010do m\u00e1lo cez rok. M\u0148a je 27, jemu 35. Obaja sme mil\u00ed, priate\u013esk\u00fd a fajn \u013eud\u00ed. Spolu sa zasmejeme, komunikujeme, v\u0161etko sa sna\u017e\u00edme zvl\u00e1da\u0165, nepodvad\u00edme sa, jednoducho v\u0161etko spr\u00e1vne. No ale s\u00fa tu 2 veci, ktor\u00e9 s\u00fa pre m\u0148a fakt \u0165a\u017ek\u00e9. Prv\u00e1 vec je t\u00e1, \u017ee by so mnou chcel by\u0165 najrad\u0161ej nonstop. On ku mne vzhliada a celkovo vo vz\u0165ahu som ja t\u00e1 dominantn\u00e1, \u010do mi vad\u00ed hlavne kv\u00f4li tomu, \u017ee som neust\u00e1le v mu\u017eskej energii. Tak\u017ee pokia\u013e nezavel\u00edm, ni\u010d sa neurob\u00ed a ja na neho naozaj nechcem by\u0165 furt prud\u00e9rny, to si za ni\u010d na svete nezasl\u00fa\u017ei, ale jednoducho k\u00fdm nezakri\u010d\u00edm alebo nepohroz\u00edm, ni\u010d neurob\u00ed. (Pr\u00edklad &#8211; rozbil moju chladni\u010dku a tak u\u017e sme 3 mesiace bez chladni\u010dky, jednoducho je pohodln\u00fd na to, zohna\u0165 nov\u00fa, pr\u00e1\u010dku sme nemali pol roka).No a druh\u00e1 vec je t\u00e1, \u017ee je na m\u00f4j vkus \u0161etr\u00edlek. Do dom\u00e1cnosti toho jednoducho k\u00fapim viac ja. Vlastne je to tak 70% ja, on 30%. Mysl\u00ed v tomto hlavne na seba, ako u\u0161etri\u0165. M\u00e1m pocit, \u017ee ho vo v\u0161etkom mus\u00edm vychov\u00e1va\u0165, ako sa spr\u00e1va\u0165 k \u017eene, ako spr\u00e1vne cvi\u010di\u0165, ako sa dobre stravova\u0165, ako sa udr\u017ea\u0165 v kond\u00edcii, ako upratova\u0165, ako sa var\u00ed, ako si niekde zalo\u017ei\u0165 \u00fa\u010det,\u2026 jednoducho som vy\u010derpan\u00e1, ja ho u\u010d\u00edm v\u0161etko, ale m\u00e1m pocit, \u017ee ja z neho v podstate ni\u010d nem\u00e1m. Bol\u00ed ma to hlavne z toho d\u00f4vodu, \u017ee viem, \u017ee je hodn\u00fd a miluje ma, posl\u00fachne ma, urob\u00ed v\u0161etko, \u010do mu poviem.Neviem, ako sa v tejto situ\u00e1cii zachova\u0165. Ob\u010das si pr\u00eddem ako jeho matka. Ale nem\u00f4\u017eem ho predsa st\u00e1le u\u010di\u0165. Je to chlap a nie chlapec. Tak by mal nejak\u00e9 veci vedie\u0165 zariadi\u0165 aj s\u00e1m. Postupom \u010dasu mi doch\u00e1dza, \u017ee sa s n\u00edm alebo ved\u013ea neho c\u00edtim sk\u00f4r ako ved\u013ea chlapca, ne\u017e ako mu\u017ea. A pritom t\u00e1 mu\u017esk\u00e1 energia mi u neho naozaj ch\u00fdba a priala by som si, aby to bolo inak. O svojich pocitoch som u\u017e raz hovorila, len\u017ee on to bohu\u017eia\u013e zahovoril a nechcel sa o tom \u010falej bavi\u0165 a m\u0148a to stra\u0161ne ve\u013emi tr\u00e1pi, neviem, \u010do s t\u00fdm.                                                                                                                                                                                                                                                                                                                                                                                        3.8\/5 - (19 votes)        "},{"@context":"https:\/\/schema.org\/","@type":"BreadcrumbList","itemListElement":[{"@type":"ListItem","position":1,"name":"Je ako die\u0165a","item":"https:\/\/www.glavica.sk\/je-ako-dieta\/#breadcrumbitem"}]}]